{"id":2622,"date":"2026-03-04T08:24:09","date_gmt":"2026-03-04T11:24:09","guid":{"rendered":"https:\/\/www.amalfis.com.br\/blog\/?p=2622"},"modified":"2026-03-04T08:53:15","modified_gmt":"2026-03-04T11:53:15","slug":"28-anos-da-amalfis-no-mercado-de-uniformes-profissionais","status":"publish","type":"post","link":"https:\/\/www.amalfis.com.br\/blog\/2026\/03\/04\/28-anos-da-amalfis-no-mercado-de-uniformes-profissionais\/","title":{"rendered":"O que a Amalfis faz?"},"content":{"rendered":"\t\t<div data-elementor-type=\"wp-post\" data-elementor-id=\"2622\" class=\"elementor elementor-2622\" data-elementor-post-type=\"post\">\n\t\t\t\t<div class=\"elementor-element elementor-element-52c6f9bd e-flex e-con-boxed wpr-particle-no wpr-jarallax-no wpr-parallax-no wpr-sticky-section-no e-con e-parent\" data-id=\"52c6f9bd\" data-element_type=\"container\">\n\t\t\t\t\t<div class=\"e-con-inner\">\n\t\t\t\t<div class=\"elementor-element elementor-element-687641ec elementor-widget elementor-widget-text-editor\" data-id=\"687641ec\" data-element_type=\"widget\" data-widget_type=\"text-editor.default\">\n\t\t\t\t\t\t\t\t\t<iframe title=\"Video 28 anos legendado - Linkedin e Blog\" width=\"800\" height=\"450\" src=\"https:\/\/www.youtube.com\/embed\/fd8MyifMRZ0?feature=oembed\" frameborder=\"0\" allow=\"accelerometer; autoplay; clipboard-write; encrypted-media; gyroscope; picture-in-picture; web-share\" referrerpolicy=\"strict-origin-when-cross-origin\" allowfullscreen><\/iframe>\n\n<p>H\u00e1 28 anos, a Amalfis come\u00e7ou pequena \u2014 em uma oficina simples, movida por coragem, trabalho e determina\u00e7\u00e3o.<\/p>\n\n<p>Hoje, celebramos uma trajet\u00f3ria constru\u00edda com prop\u00f3sito, evolu\u00e7\u00e3o constante e, principalmente, pessoas que acreditam no que fazem.<\/p>\n\n<p>Ao longo desses 28 anos, transformamos desafios em crescimento, fortalecemos nossa estrutura, ampliamos nossa atua\u00e7\u00e3o e consolidamos uma cultura baseada em excel\u00eancia, responsabilidade e compromisso com cada detalhe.<\/p>\n\n<p>Mas o que realmente sustenta essa hist\u00f3ria n\u00e3o s\u00e3o apenas n\u00fameros ou conquistas. S\u00e3o as pessoas.<br \/>\nCada colaborador, cada parceiro, cada cliente que faz parte dessa jornada.<\/p>\n\n<p>Seguimos tecendo o futuro com inova\u00e7\u00e3o, identidade e prop\u00f3sito.<\/p>\n\n<p>28 anos vestindo hist\u00f3rias.<br \/>\n28 anos fortalecendo identidades.<\/p>\n\n<p><strong>Amalfis. Mais que uniformes. Identidades.<\/strong><\/p>\t\t\t\t\t\t\t\t<\/div>\n\t\t\t\t\t<\/div>\n\t\t\t\t<\/div>\n\t\t\t\t<\/div>\n\t\t","protected":false},"excerpt":{"rendered":"<p>H\u00e1 28 anos, a Amalfis come\u00e7ou pequena \u2014 em uma oficina simples, movida por coragem, trabalho e determina\u00e7\u00e3o. Hoje, celebramos uma trajet\u00f3ria constru\u00edda com prop\u00f3sito, evolu\u00e7\u00e3o constante e, principalmente, pessoas que acreditam no que fazem. Ao longo desses 28 anos, transformamos desafios em crescimento, fortalecemos nossa estrutura, ampliamos nossa atua\u00e7\u00e3o e consolidamos uma cultura baseada em excel\u00eancia, responsabilidade e compromisso com cada detalhe. Mas o que realmente sustenta essa hist\u00f3ria n\u00e3o s\u00e3o apenas n\u00fameros ou conquistas. S\u00e3o as pessoas. Cada colaborador, cada parceiro, cada cliente que faz parte dessa jornada. Seguimos tecendo o futuro com inova\u00e7\u00e3o, identidade e prop\u00f3sito. 28 anos vestindo hist\u00f3rias. 28 anos fortalecendo identidades. Amalfis. Mais que uniformes. Identidades.<\/p>\n","protected":false},"author":5,"featured_media":2646,"comment_status":"open","ping_status":"open","sticky":false,"template":"","format":"standard","meta":{"inline_featured_image":false,"footnotes":""},"categories":[34],"tags":[40,41,42,43,44,45],"class_list":["post-2622","post","type-post","status-publish","format-standard","has-post-thumbnail","hentry","category-institucional","tag-28-anos-da-amalfis","tag-historia-da-amalfis","tag-uniformes-profissionais","tag-industria-textil","tag-cultura-organizacional","tag-crescimento-empresarial"],"yoast_head":"<!-- This site is optimized with the Yoast SEO plugin v26.3 - https:\/\/yoast.com\/wordpress\/plugins\/seo\/ -->\n<title>O que a Amalfis faz? - Blog Amalfis<\/title>\n<meta name=\"description\" content=\"A Amalfis celebra 28 anos de hist\u00f3ria, crescimento e prop\u00f3sito no mercado de uniformes profissionais. Conhe\u00e7a nossa trajet\u00f3ria.\" \/>\n<meta name=\"robots\" content=\"index, follow, max-snippet:-1, max-image-preview:large, max-video-preview:-1\" \/>\n<link rel=\"canonical\" href=\"https:\/\/www.amalfis.com.br\/blog\/2026\/03\/04\/28-anos-da-amalfis-no-mercado-de-uniformes-profissionais\/\" \/>\n<meta property=\"og:locale\" content=\"pt_BR\" \/>\n<meta property=\"og:type\" content=\"article\" \/>\n<meta property=\"og:title\" content=\"O que a Amalfis faz? - Blog Amalfis\" \/>\n<meta property=\"og:description\" content=\"A Amalfis celebra 28 anos de hist\u00f3ria, crescimento e prop\u00f3sito no mercado de uniformes profissionais. Conhe\u00e7a nossa trajet\u00f3ria.\" \/>\n<meta property=\"og:url\" content=\"https:\/\/www.amalfis.com.br\/blog\/2026\/03\/04\/28-anos-da-amalfis-no-mercado-de-uniformes-profissionais\/\" \/>\n<meta property=\"og:site_name\" content=\"Blog Amalfis\" \/>\n<meta property=\"article:published_time\" content=\"2026-03-04T11:24:09+00:00\" \/>\n<meta property=\"article:modified_time\" content=\"2026-03-04T11:53:15+00:00\" \/>\n<meta property=\"og:image\" content=\"https:\/\/www.amalfis.com.br\/blog\/wp-content\/uploads\/2026\/03\/Fevereiro-Papel-de-parede-1-scaled.png\" \/>\n\t<meta property=\"og:image:width\" content=\"2560\" \/>\n\t<meta property=\"og:image:height\" content=\"1440\" \/>\n\t<meta property=\"og:image:type\" content=\"image\/png\" \/>\n<meta name=\"author\" content=\"Vinicius Oliveira\" \/>\n<meta name=\"twitter:card\" content=\"summary_large_image\" \/>\n<meta name=\"twitter:label1\" content=\"Escrito por\" \/>\n\t<meta name=\"twitter:data1\" content=\"Vinicius Oliveira\" \/>\n\t<meta name=\"twitter:label2\" content=\"Est. tempo de leitura\" \/>\n\t<meta name=\"twitter:data2\" content=\"1 minuto\" \/>\n<script type=\"application\/ld+json\" class=\"yoast-schema-graph\">{\"@context\":\"https:\/\/schema.org\",\"@graph\":[{\"@type\":\"Article\",\"@id\":\"https:\/\/www.amalfis.com.br\/blog\/2026\/03\/04\/28-anos-da-amalfis-no-mercado-de-uniformes-profissionais\/#article\",\"isPartOf\":{\"@id\":\"https:\/\/www.amalfis.com.br\/blog\/2026\/03\/04\/28-anos-da-amalfis-no-mercado-de-uniformes-profissionais\/\"},\"author\":{\"name\":\"Vinicius Oliveira\",\"@id\":\"https:\/\/www.amalfis.com.br\/blog\/#\/schema\/person\/847f820077659d025cad2ec95a811b35\"},\"headline\":\"O que a Amalfis faz?\",\"datePublished\":\"2026-03-04T11:24:09+00:00\",\"dateModified\":\"2026-03-04T11:53:15+00:00\",\"mainEntityOfPage\":{\"@id\":\"https:\/\/www.amalfis.com.br\/blog\/2026\/03\/04\/28-anos-da-amalfis-no-mercado-de-uniformes-profissionais\/\"},\"wordCount\":136,\"commentCount\":0,\"publisher\":{\"@id\":\"https:\/\/www.amalfis.com.br\/blog\/#organization\"},\"image\":{\"@id\":\"https:\/\/www.amalfis.com.br\/blog\/2026\/03\/04\/28-anos-da-amalfis-no-mercado-de-uniformes-profissionais\/#primaryimage\"},\"thumbnailUrl\":\"https:\/\/www.amalfis.com.br\/blog\/wp-content\/uploads\/2026\/03\/Fevereiro-Papel-de-parede-1-scaled.png\",\"keywords\":[\"28 anos da Amalfis\",\"hist\u00f3ria da Amalfis\",\"uniformes profissionais\",\"ind\u00fastria t\u00eaxtil\",\"cultura organizacional\",\"crescimento empresarial\"],\"articleSection\":[\"Institucional\"],\"inLanguage\":\"pt-BR\",\"potentialAction\":[{\"@type\":\"CommentAction\",\"name\":\"Comment\",\"target\":[\"https:\/\/www.amalfis.com.br\/blog\/2026\/03\/04\/28-anos-da-amalfis-no-mercado-de-uniformes-profissionais\/#respond\"]}]},{\"@type\":\"WebPage\",\"@id\":\"https:\/\/www.amalfis.com.br\/blog\/2026\/03\/04\/28-anos-da-amalfis-no-mercado-de-uniformes-profissionais\/\",\"url\":\"https:\/\/www.amalfis.com.br\/blog\/2026\/03\/04\/28-anos-da-amalfis-no-mercado-de-uniformes-profissionais\/\",\"name\":\"O que a Amalfis faz? - Blog Amalfis\",\"isPartOf\":{\"@id\":\"https:\/\/www.amalfis.com.br\/blog\/#website\"},\"primaryImageOfPage\":{\"@id\":\"https:\/\/www.amalfis.com.br\/blog\/2026\/03\/04\/28-anos-da-amalfis-no-mercado-de-uniformes-profissionais\/#primaryimage\"},\"image\":{\"@id\":\"https:\/\/www.amalfis.com.br\/blog\/2026\/03\/04\/28-anos-da-amalfis-no-mercado-de-uniformes-profissionais\/#primaryimage\"},\"thumbnailUrl\":\"https:\/\/www.amalfis.com.br\/blog\/wp-content\/uploads\/2026\/03\/Fevereiro-Papel-de-parede-1-scaled.png\",\"datePublished\":\"2026-03-04T11:24:09+00:00\",\"dateModified\":\"2026-03-04T11:53:15+00:00\",\"description\":\"A Amalfis celebra 28 anos de hist\u00f3ria, crescimento e prop\u00f3sito no mercado de uniformes profissionais. Conhe\u00e7a nossa trajet\u00f3ria.\",\"breadcrumb\":{\"@id\":\"https:\/\/www.amalfis.com.br\/blog\/2026\/03\/04\/28-anos-da-amalfis-no-mercado-de-uniformes-profissionais\/#breadcrumb\"},\"inLanguage\":\"pt-BR\",\"potentialAction\":[{\"@type\":\"ReadAction\",\"target\":[\"https:\/\/www.amalfis.com.br\/blog\/2026\/03\/04\/28-anos-da-amalfis-no-mercado-de-uniformes-profissionais\/\"]}]},{\"@type\":\"ImageObject\",\"inLanguage\":\"pt-BR\",\"@id\":\"https:\/\/www.amalfis.com.br\/blog\/2026\/03\/04\/28-anos-da-amalfis-no-mercado-de-uniformes-profissionais\/#primaryimage\",\"url\":\"https:\/\/www.amalfis.com.br\/blog\/wp-content\/uploads\/2026\/03\/Fevereiro-Papel-de-parede-1-scaled.png\",\"contentUrl\":\"https:\/\/www.amalfis.com.br\/blog\/wp-content\/uploads\/2026\/03\/Fevereiro-Papel-de-parede-1-scaled.png\",\"width\":2560,\"height\":1440,\"caption\":\"Amalfis celebra 28 anos de hist\u00f3ria e crescimento no mercado de uniformes profissionais.\"},{\"@type\":\"BreadcrumbList\",\"@id\":\"https:\/\/www.amalfis.com.br\/blog\/2026\/03\/04\/28-anos-da-amalfis-no-mercado-de-uniformes-profissionais\/#breadcrumb\",\"itemListElement\":[{\"@type\":\"ListItem\",\"position\":1,\"name\":\"In\u00edcio\",\"item\":\"https:\/\/www.amalfis.com.br\/blog\/\"},{\"@type\":\"ListItem\",\"position\":2,\"name\":\"O que a Amalfis faz?\"}]},{\"@type\":\"WebSite\",\"@id\":\"https:\/\/www.amalfis.com.br\/blog\/#website\",\"url\":\"https:\/\/www.amalfis.com.br\/blog\/\",\"name\":\"Blog Amalfis\",\"description\":\"\",\"publisher\":{\"@id\":\"https:\/\/www.amalfis.com.br\/blog\/#organization\"},\"potentialAction\":[{\"@type\":\"SearchAction\",\"target\":{\"@type\":\"EntryPoint\",\"urlTemplate\":\"https:\/\/www.amalfis.com.br\/blog\/?s={search_term_string}\"},\"query-input\":{\"@type\":\"PropertyValueSpecification\",\"valueRequired\":true,\"valueName\":\"search_term_string\"}}],\"inLanguage\":\"pt-BR\"},{\"@type\":\"Organization\",\"@id\":\"https:\/\/www.amalfis.com.br\/blog\/#organization\",\"name\":\"Blog Amalfis\",\"url\":\"https:\/\/www.amalfis.com.br\/blog\/\",\"logo\":{\"@type\":\"ImageObject\",\"inLanguage\":\"pt-BR\",\"@id\":\"https:\/\/www.amalfis.com.br\/blog\/#\/schema\/logo\/image\/\",\"url\":\"https:\/\/www.amalfis.com.br\/blog\/wp-content\/uploads\/2025\/10\/3c731f4e-1250-4626-ab90-ff35671ff3ae.png\",\"contentUrl\":\"https:\/\/www.amalfis.com.br\/blog\/wp-content\/uploads\/2025\/10\/3c731f4e-1250-4626-ab90-ff35671ff3ae.png\",\"width\":491,\"height\":56,\"caption\":\"Blog Amalfis\"},\"image\":{\"@id\":\"https:\/\/www.amalfis.com.br\/blog\/#\/schema\/logo\/image\/\"}},{\"@type\":\"Person\",\"@id\":\"https:\/\/www.amalfis.com.br\/blog\/#\/schema\/person\/847f820077659d025cad2ec95a811b35\",\"name\":\"Vinicius Oliveira\",\"image\":{\"@type\":\"ImageObject\",\"inLanguage\":\"pt-BR\",\"@id\":\"https:\/\/www.amalfis.com.br\/blog\/#\/schema\/person\/image\/\",\"url\":\"https:\/\/secure.gravatar.com\/avatar\/1b47e73b8b7de5e8f531ca238bc4db75643c6a8186b01dfdf50587d9529eca93?s=96&d=mm&r=g\",\"contentUrl\":\"https:\/\/secure.gravatar.com\/avatar\/1b47e73b8b7de5e8f531ca238bc4db75643c6a8186b01dfdf50587d9529eca93?s=96&d=mm&r=g\",\"caption\":\"Vinicius Oliveira\"},\"url\":\"https:\/\/www.amalfis.com.br\/blog\/author\/vinicius-oliveira\/\"}]}<\/script>\n<!-- \/ Yoast SEO plugin. -->","yoast_head_json":{"title":"O que a Amalfis faz? - Blog Amalfis","description":"A Amalfis celebra 28 anos de hist\u00f3ria, crescimento e prop\u00f3sito no mercado de uniformes profissionais. Conhe\u00e7a nossa trajet\u00f3ria.","robots":{"index":"index","follow":"follow","max-snippet":"max-snippet:-1","max-image-preview":"max-image-preview:large","max-video-preview":"max-video-preview:-1"},"canonical":"https:\/\/www.amalfis.com.br\/blog\/2026\/03\/04\/28-anos-da-amalfis-no-mercado-de-uniformes-profissionais\/","og_locale":"pt_BR","og_type":"article","og_title":"O que a Amalfis faz? - Blog Amalfis","og_description":"A Amalfis celebra 28 anos de hist\u00f3ria, crescimento e prop\u00f3sito no mercado de uniformes profissionais. Conhe\u00e7a nossa trajet\u00f3ria.","og_url":"https:\/\/www.amalfis.com.br\/blog\/2026\/03\/04\/28-anos-da-amalfis-no-mercado-de-uniformes-profissionais\/","og_site_name":"Blog Amalfis","article_published_time":"2026-03-04T11:24:09+00:00","article_modified_time":"2026-03-04T11:53:15+00:00","og_image":[{"width":2560,"height":1440,"url":"https:\/\/www.amalfis.com.br\/blog\/wp-content\/uploads\/2026\/03\/Fevereiro-Papel-de-parede-1-scaled.png","type":"image\/png"}],"author":"Vinicius Oliveira","twitter_card":"summary_large_image","twitter_misc":{"Escrito por":"Vinicius Oliveira","Est. tempo de leitura":"1 minuto"},"schema":{"@context":"https:\/\/schema.org","@graph":[{"@type":"Article","@id":"https:\/\/www.amalfis.com.br\/blog\/2026\/03\/04\/28-anos-da-amalfis-no-mercado-de-uniformes-profissionais\/#article","isPartOf":{"@id":"https:\/\/www.amalfis.com.br\/blog\/2026\/03\/04\/28-anos-da-amalfis-no-mercado-de-uniformes-profissionais\/"},"author":{"name":"Vinicius Oliveira","@id":"https:\/\/www.amalfis.com.br\/blog\/#\/schema\/person\/847f820077659d025cad2ec95a811b35"},"headline":"O que a Amalfis faz?","datePublished":"2026-03-04T11:24:09+00:00","dateModified":"2026-03-04T11:53:15+00:00","mainEntityOfPage":{"@id":"https:\/\/www.amalfis.com.br\/blog\/2026\/03\/04\/28-anos-da-amalfis-no-mercado-de-uniformes-profissionais\/"},"wordCount":136,"commentCount":0,"publisher":{"@id":"https:\/\/www.amalfis.com.br\/blog\/#organization"},"image":{"@id":"https:\/\/www.amalfis.com.br\/blog\/2026\/03\/04\/28-anos-da-amalfis-no-mercado-de-uniformes-profissionais\/#primaryimage"},"thumbnailUrl":"https:\/\/www.amalfis.com.br\/blog\/wp-content\/uploads\/2026\/03\/Fevereiro-Papel-de-parede-1-scaled.png","keywords":["28 anos da Amalfis","hist\u00f3ria da Amalfis","uniformes profissionais","ind\u00fastria t\u00eaxtil","cultura organizacional","crescimento empresarial"],"articleSection":["Institucional"],"inLanguage":"pt-BR","potentialAction":[{"@type":"CommentAction","name":"Comment","target":["https:\/\/www.amalfis.com.br\/blog\/2026\/03\/04\/28-anos-da-amalfis-no-mercado-de-uniformes-profissionais\/#respond"]}]},{"@type":"WebPage","@id":"https:\/\/www.amalfis.com.br\/blog\/2026\/03\/04\/28-anos-da-amalfis-no-mercado-de-uniformes-profissionais\/","url":"https:\/\/www.amalfis.com.br\/blog\/2026\/03\/04\/28-anos-da-amalfis-no-mercado-de-uniformes-profissionais\/","name":"O que a Amalfis faz? - Blog Amalfis","isPartOf":{"@id":"https:\/\/www.amalfis.com.br\/blog\/#website"},"primaryImageOfPage":{"@id":"https:\/\/www.amalfis.com.br\/blog\/2026\/03\/04\/28-anos-da-amalfis-no-mercado-de-uniformes-profissionais\/#primaryimage"},"image":{"@id":"https:\/\/www.amalfis.com.br\/blog\/2026\/03\/04\/28-anos-da-amalfis-no-mercado-de-uniformes-profissionais\/#primaryimage"},"thumbnailUrl":"https:\/\/www.amalfis.com.br\/blog\/wp-content\/uploads\/2026\/03\/Fevereiro-Papel-de-parede-1-scaled.png","datePublished":"2026-03-04T11:24:09+00:00","dateModified":"2026-03-04T11:53:15+00:00","description":"A Amalfis celebra 28 anos de hist\u00f3ria, crescimento e prop\u00f3sito no mercado de uniformes profissionais. Conhe\u00e7a nossa trajet\u00f3ria.","breadcrumb":{"@id":"https:\/\/www.amalfis.com.br\/blog\/2026\/03\/04\/28-anos-da-amalfis-no-mercado-de-uniformes-profissionais\/#breadcrumb"},"inLanguage":"pt-BR","potentialAction":[{"@type":"ReadAction","target":["https:\/\/www.amalfis.com.br\/blog\/2026\/03\/04\/28-anos-da-amalfis-no-mercado-de-uniformes-profissionais\/"]}]},{"@type":"ImageObject","inLanguage":"pt-BR","@id":"https:\/\/www.amalfis.com.br\/blog\/2026\/03\/04\/28-anos-da-amalfis-no-mercado-de-uniformes-profissionais\/#primaryimage","url":"https:\/\/www.amalfis.com.br\/blog\/wp-content\/uploads\/2026\/03\/Fevereiro-Papel-de-parede-1-scaled.png","contentUrl":"https:\/\/www.amalfis.com.br\/blog\/wp-content\/uploads\/2026\/03\/Fevereiro-Papel-de-parede-1-scaled.png","width":2560,"height":1440,"caption":"Amalfis celebra 28 anos de hist\u00f3ria e crescimento no mercado de uniformes profissionais."},{"@type":"BreadcrumbList","@id":"https:\/\/www.amalfis.com.br\/blog\/2026\/03\/04\/28-anos-da-amalfis-no-mercado-de-uniformes-profissionais\/#breadcrumb","itemListElement":[{"@type":"ListItem","position":1,"name":"In\u00edcio","item":"https:\/\/www.amalfis.com.br\/blog\/"},{"@type":"ListItem","position":2,"name":"O que a Amalfis faz?"}]},{"@type":"WebSite","@id":"https:\/\/www.amalfis.com.br\/blog\/#website","url":"https:\/\/www.amalfis.com.br\/blog\/","name":"Blog Amalfis","description":"","publisher":{"@id":"https:\/\/www.amalfis.com.br\/blog\/#organization"},"potentialAction":[{"@type":"SearchAction","target":{"@type":"EntryPoint","urlTemplate":"https:\/\/www.amalfis.com.br\/blog\/?s={search_term_string}"},"query-input":{"@type":"PropertyValueSpecification","valueRequired":true,"valueName":"search_term_string"}}],"inLanguage":"pt-BR"},{"@type":"Organization","@id":"https:\/\/www.amalfis.com.br\/blog\/#organization","name":"Blog Amalfis","url":"https:\/\/www.amalfis.com.br\/blog\/","logo":{"@type":"ImageObject","inLanguage":"pt-BR","@id":"https:\/\/www.amalfis.com.br\/blog\/#\/schema\/logo\/image\/","url":"https:\/\/www.amalfis.com.br\/blog\/wp-content\/uploads\/2025\/10\/3c731f4e-1250-4626-ab90-ff35671ff3ae.png","contentUrl":"https:\/\/www.amalfis.com.br\/blog\/wp-content\/uploads\/2025\/10\/3c731f4e-1250-4626-ab90-ff35671ff3ae.png","width":491,"height":56,"caption":"Blog Amalfis"},"image":{"@id":"https:\/\/www.amalfis.com.br\/blog\/#\/schema\/logo\/image\/"}},{"@type":"Person","@id":"https:\/\/www.amalfis.com.br\/blog\/#\/schema\/person\/847f820077659d025cad2ec95a811b35","name":"Vinicius Oliveira","image":{"@type":"ImageObject","inLanguage":"pt-BR","@id":"https:\/\/www.amalfis.com.br\/blog\/#\/schema\/person\/image\/","url":"https:\/\/secure.gravatar.com\/avatar\/1b47e73b8b7de5e8f531ca238bc4db75643c6a8186b01dfdf50587d9529eca93?s=96&d=mm&r=g","contentUrl":"https:\/\/secure.gravatar.com\/avatar\/1b47e73b8b7de5e8f531ca238bc4db75643c6a8186b01dfdf50587d9529eca93?s=96&d=mm&r=g","caption":"Vinicius Oliveira"},"url":"https:\/\/www.amalfis.com.br\/blog\/author\/vinicius-oliveira\/"}]}},"_links":{"self":[{"href":"https:\/\/www.amalfis.com.br\/blog\/wp-json\/wp\/v2\/posts\/2622","targetHints":{"allow":["GET"]}}],"collection":[{"href":"https:\/\/www.amalfis.com.br\/blog\/wp-json\/wp\/v2\/posts"}],"about":[{"href":"https:\/\/www.amalfis.com.br\/blog\/wp-json\/wp\/v2\/types\/post"}],"author":[{"embeddable":true,"href":"https:\/\/www.amalfis.com.br\/blog\/wp-json\/wp\/v2\/users\/5"}],"replies":[{"embeddable":true,"href":"https:\/\/www.amalfis.com.br\/blog\/wp-json\/wp\/v2\/comments?post=2622"}],"version-history":[{"count":19,"href":"https:\/\/www.amalfis.com.br\/blog\/wp-json\/wp\/v2\/posts\/2622\/revisions"}],"predecessor-version":[{"id":2645,"href":"https:\/\/www.amalfis.com.br\/blog\/wp-json\/wp\/v2\/posts\/2622\/revisions\/2645"}],"wp:featuredmedia":[{"embeddable":true,"href":"https:\/\/www.amalfis.com.br\/blog\/wp-json\/wp\/v2\/media\/2646"}],"wp:attachment":[{"href":"https:\/\/www.amalfis.com.br\/blog\/wp-json\/wp\/v2\/media?parent=2622"}],"wp:term":[{"taxonomy":"category","embeddable":true,"href":"https:\/\/www.amalfis.com.br\/blog\/wp-json\/wp\/v2\/categories?post=2622"},{"taxonomy":"post_tag","embeddable":true,"href":"https:\/\/www.amalfis.com.br\/blog\/wp-json\/wp\/v2\/tags?post=2622"}],"curies":[{"name":"wp","href":"https:\/\/api.w.org\/{rel}","templated":true}]}}